{"id":2600,"date":"2020-08-27T11:04:25","date_gmt":"2020-08-27T09:04:25","guid":{"rendered":"http:\/\/www.divadlopodpetrinem.cz\/?p=2600"},"modified":"2020-09-29T13:00:35","modified_gmt":"2020-09-29T11:00:35","slug":"kulhavy-mezek-premiera","status":"publish","type":"post","link":"https:\/\/www.divadlopodpetrinem.cz\/?p=2600","title":{"rendered":"Kulhav\u00fd mezek (premi\u00e9ra)"},"content":{"rendered":"\n<p>Mil\u00ed p\u0159\u00e1tel\u00e9,<\/p>\n\n\n\n<p>kone\u010dn\u011b v\u00e1s m\u016f\u017eeme pozvat na od jara odkl\u00e1danou premi\u00e9ru na\u0161\u00ed nov\u00e9 hry &#8211; historick\u00e9 reminiscence Old\u0159icha Da\u0148ka s n\u00e1zvem Kulhav\u00fd mezek.<\/p>\n\n\n\n<p>Old\u0159ich Dan\u011bk si vybral pro svoji divadeln\u00ed hru historick\u00fd p\u0159\u00edb\u011bh Jind\u0159icha Oty z Vartemberka a Eli\u0161ky Kate\u0159iny Smi\u0159ick\u00e9. Jejich \u017eivotn\u00ed cesty se st\u0159etly na za\u010d\u00e1tku 17. stolet\u00ed. Jind\u0159ich Ota m\u011bl pro vztah&nbsp; s Eli\u0161kou sv\u00e9 zi\u0161tn\u00e9 d\u016fvody \u2013 vid\u011bl zna\u010dn\u00e9 d\u011bdictv\u00ed, Eli\u0161ka zase cht\u011bla pro\u017e\u00edt sv\u016fj \u017eivot na svobod\u011b, proto\u017ee byla pro sv\u016fj poklesek z ml\u00e1d\u00ed&nbsp; dvan\u00e1ct let zav\u0159en\u00e1 na hrad\u011b Kumburk.&nbsp; Tolik fabule vych\u00e1zej\u00edc\u00ed z historick\u00fdch z\u00e1znam\u016f. Old\u0159ich Dan\u011bk tuto kr\u00e1tkou \u017eivotn\u00ed epizodu dvou \u0161lechtic\u016f vlo\u017eil do \u00fast potuln\u00fdm komediant\u016fm, kte\u0159\u00ed&nbsp; se skr\u00fdvali ve stodole, tu p\u0159ed jedn\u011bmi, jindy p\u0159ed druh\u00fdmi v\u00e1le\u010dn\u00fdmi hordami. Princip\u00e1l Jakub a jeho dru\u017eina p\u0159edv\u00e1d\u011bli p\u0159\u00edb\u011bh Jind\u0159icha a Eli\u0161ky t\u00e1hnouc\u00edm voj\u00e1k\u016fm do t\u00e9 doby, ne\u017e se mu parta komediant\u016f rozpadla. V\u011bt\u0161ina jich ode\u0161la k voj\u00e1k\u016fm, proto\u017ee u vojska bylo p\u0159ece jenom lep\u0161\u00ed \u017eivobyt\u00ed.&nbsp; Z\u016fstali mu jenom dva. Jeden star\u00fd d\u011bdek, o n\u011bho\u017e vojska nest\u00e1la a mlad\u00e1 d\u011bve\u010dka, kter\u00e1 necht\u011bla Jakuba opustit.&nbsp; A v t\u00e9to situaci za\u010d\u00edn\u00e1 p\u0159\u00edb\u011bh Kulhav\u00e9ho mezka.<\/p>\n\n\n\n<p>V hlavn\u00edch rol\u00edch (tentokr\u00e1t jsou v\u0161echny role hlavn\u00ed) uvid\u00edte:<\/p>\n\n\n\n<p>Jana Petri\u010d\u00e1ka v roli princip\u00e1la Jakuba Grundle<br>Lenku Francovou nebo Lenku Burianovou v roli Mark\u00e9ty, d\u011bve\u010dky od krav<br>Petra Buriana v roli d\u011bdka Vambery, komedianta<\/p>\n\n\n\n<p>Re\u017eie : Bohumil Gond\u00edk<\/p>\n\n\n\n<p>Sc\u00e9na: Bohumil Gond\u00edk, v\u00fdroba sc\u00e9ny a rekvizit: Lud\u011bk Hora, n\u00e1pov\u011bda: Pavl\u00edna \u0160\u00edrov\u00e1, zvuk a sv\u011btla: Tom\u00e1\u0161 Bart\u00e1\u010dek a Pavel Urban, hudba: Tom\u00e1\u0161 Bart\u00e1\u010dek, kresby: ak.mal. Zden\u011bk Netopil, plak\u00e1t a grafika: Pavel Urban<\/p>\n\n\n\n<p>Premi\u00e9ra se kon\u00e1 v sobotu 12. z\u00e1\u0159\u00ed 2020 v 19.00 hodin v Tyr\u0161ov\u011b dom\u011b v Praze. Rezervace vstupenek je mo\u017en\u00e1 p\u0159es email: info@divadlopodpetrinem.cz<\/p>\n\n\n\n<p><\/p>\n\n\n\n<figure class=\"wp-block-image size-large\"><img loading=\"lazy\" decoding=\"async\" width=\"724\" height=\"1024\" src=\"http:\/\/www.divadlopodpetrinem.cz\/wp-content\/uploads\/2020\/08\/plakat_Kulhavy-mezek2-724x1024.jpg\" alt=\"\" class=\"wp-image-2601\" srcset=\"https:\/\/www.divadlopodpetrinem.cz\/wp-content\/uploads\/2020\/08\/plakat_Kulhavy-mezek2-724x1024.jpg 724w, https:\/\/www.divadlopodpetrinem.cz\/wp-content\/uploads\/2020\/08\/plakat_Kulhavy-mezek2-212x300.jpg 212w, https:\/\/www.divadlopodpetrinem.cz\/wp-content\/uploads\/2020\/08\/plakat_Kulhavy-mezek2-106x150.jpg 106w, https:\/\/www.divadlopodpetrinem.cz\/wp-content\/uploads\/2020\/08\/plakat_Kulhavy-mezek2-768x1086.jpg 768w, https:\/\/www.divadlopodpetrinem.cz\/wp-content\/uploads\/2020\/08\/plakat_Kulhavy-mezek2-1086x1536.jpg 1086w, https:\/\/www.divadlopodpetrinem.cz\/wp-content\/uploads\/2020\/08\/plakat_Kulhavy-mezek2-1448x2048.jpg 1448w, https:\/\/www.divadlopodpetrinem.cz\/wp-content\/uploads\/2020\/08\/plakat_Kulhavy-mezek2-scaled.jpg 1810w\" sizes=\"auto, (max-width: 724px) 100vw, 724px\" \/><\/figure>\n","protected":false},"excerpt":{"rendered":"<p>Mil\u00ed p\u0159\u00e1tel\u00e9, kone\u010dn\u011b v\u00e1s m\u016f\u017eeme pozvat na od jara odkl\u00e1danou premi\u00e9ru na\u0161\u00ed nov\u00e9 hry &#8211; historick\u00e9 reminiscence Old\u0159icha Da\u0148ka s n\u00e1zvem Kulhav\u00fd mezek. Old\u0159ich Dan\u011bk si vybral pro svoji divadeln\u00ed hru historick\u00fd p\u0159\u00edb\u011bh Jind\u0159icha Oty z Vartemberka a Eli\u0161ky Kate\u0159iny &hellip; <a class=\"more-link\" href=\"https:\/\/www.divadlopodpetrinem.cz\/?p=2600\">Pokra\u010dovat ve \u010dten\u00ed <span class=\"meta-nav\">&rarr;<\/span><\/a><\/p>\n","protected":false},"author":1,"featured_media":0,"comment_status":"closed","ping_status":"open","sticky":false,"template":"","format":"standard","meta":{"footnotes":""},"categories":[48],"tags":[],"class_list":["post-2600","post","type-post","status-publish","format-standard","hentry","category-kulhavy-mezek"],"_links":{"self":[{"href":"https:\/\/www.divadlopodpetrinem.cz\/index.php?rest_route=\/wp\/v2\/posts\/2600","targetHints":{"allow":["GET"]}}],"collection":[{"href":"https:\/\/www.divadlopodpetrinem.cz\/index.php?rest_route=\/wp\/v2\/posts"}],"about":[{"href":"https:\/\/www.divadlopodpetrinem.cz\/index.php?rest_route=\/wp\/v2\/types\/post"}],"author":[{"embeddable":true,"href":"https:\/\/www.divadlopodpetrinem.cz\/index.php?rest_route=\/wp\/v2\/users\/1"}],"replies":[{"embeddable":true,"href":"https:\/\/www.divadlopodpetrinem.cz\/index.php?rest_route=%2Fwp%2Fv2%2Fcomments&post=2600"}],"version-history":[{"count":2,"href":"https:\/\/www.divadlopodpetrinem.cz\/index.php?rest_route=\/wp\/v2\/posts\/2600\/revisions"}],"predecessor-version":[{"id":2603,"href":"https:\/\/www.divadlopodpetrinem.cz\/index.php?rest_route=\/wp\/v2\/posts\/2600\/revisions\/2603"}],"wp:attachment":[{"href":"https:\/\/www.divadlopodpetrinem.cz\/index.php?rest_route=%2Fwp%2Fv2%2Fmedia&parent=2600"}],"wp:term":[{"taxonomy":"category","embeddable":true,"href":"https:\/\/www.divadlopodpetrinem.cz\/index.php?rest_route=%2Fwp%2Fv2%2Fcategories&post=2600"},{"taxonomy":"post_tag","embeddable":true,"href":"https:\/\/www.divadlopodpetrinem.cz\/index.php?rest_route=%2Fwp%2Fv2%2Ftags&post=2600"}],"curies":[{"name":"wp","href":"https:\/\/api.w.org\/{rel}","templated":true}]}}